{"id":96365,"date":"2022-09-26T14:37:44","date_gmt":"2022-09-26T12:37:44","guid":{"rendered":"https:\/\/www.oeh.ac.at\/news-en\/oh-anti-inflation-summit-demands-youth-and-education-must-not-be-forgotten-in-the-inflation\/"},"modified":"2022-09-26T14:37:44","modified_gmt":"2022-09-26T14:37:44","slug":"oh-anti-inflation-summit-demands-youth-and-education-must-not-be-forgotten-in-the-inflation","status":"publish","type":"post","link":"https:\/\/www.oeh.ac.at\/en\/info\/oh-anti-inflation-summit-demands-youth-and-education-must-not-be-forgotten-in-the-inflation\/","title":{"rendered":"\u00d6H anti-inflation summit demands: &#8220;Youth and education must not be forgotten in the inflation&#8221;."},"content":{"rendered":"<p>Under the title &#8220;Solidarisch gegen die Teuerung&#8221; (&#8220;In solidarity against inflation&#8221;) the \u00d6sterreichische Hochsch\u00fcler_innenschaft together with the \u00d6sterreichische Gewerkschaftsjugend (&#8220;Austrian Trade Union Youth&#8221;) present demands against inflation.<br \/>\n<!--more--><br \/>\nThe current crises with the resulting inflationary dynamics are putting the livelihoods of many people at risk. As representatives of the interests of students and young employees, the Austrian National Union of Students (\u00d6H) and the \u00d6GJ have joined forces to formulate demands to politicians within the framework of an anti-inflation summit together with other youth organizations and interest groups. &#8220;The current situation is serious! There is an urgent need for action on the part of the federal government. With our demands, we make clear what is now particularly important for young people!&#8221;, emphasize \u00d6H and \u00d6GJ in unison.<\/p>\n<p>A central point of demand in view of the current price explosions is cost-of-living adjustment for all public educational institutions. Keya Baier from the \u00d6H chairmanship team comments: &#8220;Universities and educational institutions are facing a catastrophe if they have to cope with the rapidly increasing fixed costs in the coming winter. That&#8217;s why we&#8217;re asking for financial support from the state to fully cover the additional costs.&#8221;<\/p>\n<p>&#8220;Apprentices, students and their families need special support during this difficult time. In the form of a higher family allowance and the doubling of the school start money can be provided here for urgently needed relief. Education must not depend on the parents&#8217; wallets,&#8221; says \u00d6GJ Chairman Richard Tiefenbacher. In addition, \u00d6H and \u00d6GJ demand more support for students who work alongside their studies, for example by raising the additional earnings limit in the grant system and expanding the group of recipients of student grants.<\/p>\n<p>In order to improve the situation for students, the \u00d6H already addressed measures to the federal government in August. Sara Veli\u0107 from the \u00d6H chairmanship team explains: &#8220;The current inflation exacerbates already existing financial problems for students many times over. We finally demand a student grant that is enough to live on, as well as a waiver of tuition fees, which has actually been urgently needed since the Corona crisis.&#8221; Furthermore, the \u00d6H demands a rent cap as well as a basic energy entitlement for necessary energy consumption and, in addition, progressive tariff levels for excess energy consumption.<\/p>\n<p>Dependence on fossil fuels is a major problem, both in terms of climate and geopolitics. Therefore, measures for a climate-social turnaround are also an essential area of demand. &#8220;It is actually already ten past twelve for the government to finally take the fight against the climate catastrophe seriously in hand. For this reason, we demand a rapid expansion of renewable energies and to relieve the financial burden also a free climate ticket for students and young workers!&#8221;, says Naima Gobara from the \u00d6H chairmanship team.<\/p>\n<p>In conclusion, \u00d6H and \u00d6GJ emphasize: &#8220;The crises of our time must be overcome &#8211; but this must never happen at the expense of the young generation. We want to be involved in the political processes so that an affordable and livable future is guaranteed for us.&#8221;<\/p>\n<p>\u00d6H &amp; Expenses. Further reading also in the <a href=\"https:\/\/www.oeh.ac.at\/news\/oeh-praesentiert-forderungskatalog-solidarisch-gegen-die-teuerung\" rel=\"noopener\">\u00d6H demand catalog &#8220;Solidarisch gegen die Teuerung&#8221;<\/a> and in our <a href=\"https:\/\/www.ots.at\/pressemappe\/144\/oeh-oesterreichische-hochschuelerinnenschaft\" target=\"_blank\" rel=\"noopener\">press kit<\/a>.<\/p>\n","protected":false},"excerpt":{"rendered":"<p>Under the title &#8220;Solidarisch gegen die Teuerung&#8221; (&#8220;In solidarity against inflation&#8221;) the \u00d6sterreichische Hochsch\u00fcler_innenschaft together with the \u00d6sterreichische Gewerkschaftsjugend (&#8220;Austrian Trade Union Youth&#8221;) present&#8230;<\/p>\n","protected":false},"author":22,"featured_media":5289,"comment_status":"closed","ping_status":"open","sticky":false,"template":"","format":"standard","meta":{"footnotes":""},"categories":[3492],"tags":[],"class_list":["post-96365","post","type-post","status-publish","format-standard","has-post-thumbnail","hentry","category-info"],"yoast_head":"<!-- This site is optimized with the Yoast SEO plugin v25.9 - https:\/\/yoast.com\/wordpress\/plugins\/seo\/ -->\n<title>\u00d6H anti-inflation summit demands: &quot;Youth and education must not be forgotten in the inflation&quot;. - \u00d6sterreichische Hochsch\u00fcler_innenschaft (\u00d6H)<\/title>\n<meta name=\"robots\" content=\"index, follow, max-snippet:-1, max-image-preview:large, max-video-preview:-1\" \/>\n<link rel=\"canonical\" href=\"https:\/\/www.oeh.ac.at\/en\/info\/oh-anti-inflation-summit-demands-youth-and-education-must-not-be-forgotten-in-the-inflation\/\" \/>\n<meta property=\"og:locale\" content=\"en_US\" \/>\n<meta property=\"og:type\" content=\"article\" \/>\n<meta property=\"og:title\" content=\"\u00d6H anti-inflation summit demands: &quot;Youth and education must not be forgotten in the inflation&quot;. - \u00d6sterreichische Hochsch\u00fcler_innenschaft (\u00d6H)\" \/>\n<meta property=\"og:description\" content=\"Under the title &quot;Solidarisch gegen die Teuerung&quot; (&quot;In solidarity against inflation&quot;) the \u00d6sterreichische Hochsch\u00fcler_innenschaft together with the \u00d6sterreichische Gewerkschaftsjugend (&quot;Austrian Trade Union Youth&quot;) present...\" \/>\n<meta property=\"og:url\" content=\"https:\/\/www.oeh.ac.at\/en\/info\/oh-anti-inflation-summit-demands-youth-and-education-must-not-be-forgotten-in-the-inflation\/\" \/>\n<meta property=\"og:site_name\" content=\"\u00d6sterreichische Hochsch\u00fcler_innenschaft (\u00d6H)\" \/>\n<meta property=\"article:publisher\" content=\"https:\/\/facebook.com\/bundesoeh\" \/>\n<meta property=\"article:published_time\" content=\"2022-09-26T12:37:44+00:00\" \/>\n<meta property=\"article:modified_time\" content=\"2022-09-26T14:37:44+00:00\" \/>\n<meta property=\"og:image\" content=\"https:\/\/www.oeh.ac.at\/wp-content\/uploads\/2022\/09\/ausschreibungen5-6d0.png\" \/>\n\t<meta property=\"og:image:width\" content=\"1750\" \/>\n\t<meta property=\"og:image:height\" content=\"875\" \/>\n\t<meta property=\"og:image:type\" content=\"image\/png\" \/>\n<meta name=\"author\" content=\"Simon Pfeiffenberger Account\" \/>\n<script type=\"application\/ld+json\" class=\"yoast-schema-graph\">{\"@context\":\"https:\/\/schema.org\",\"@graph\":[{\"@type\":\"Article\",\"@id\":\"https:\/\/www.oeh.ac.at\/en\/info\/oh-anti-inflation-summit-demands-youth-and-education-must-not-be-forgotten-in-the-inflation\/#article\",\"isPartOf\":{\"@id\":\"https:\/\/www.oeh.ac.at\/en\/info\/oh-anti-inflation-summit-demands-youth-and-education-must-not-be-forgotten-in-the-inflation\/\"},\"author\":{\"name\":\"Simon Pfeiffenberger Account\",\"@id\":\"https:\/\/www.oeh.ac.at\/en\/#\/schema\/person\/cbb8eb716647bd0a72a16d980f82f007\"},\"headline\":\"\u00d6H anti-inflation summit demands: &#8220;Youth and education must not be forgotten in the inflation&#8221;.\",\"datePublished\":\"2022-09-26T12:37:44+00:00\",\"dateModified\":\"2022-09-26T14:37:44+00:00\",\"mainEntityOfPage\":{\"@id\":\"https:\/\/www.oeh.ac.at\/en\/info\/oh-anti-inflation-summit-demands-youth-and-education-must-not-be-forgotten-in-the-inflation\/\"},\"wordCount\":546,\"publisher\":{\"@id\":\"https:\/\/www.oeh.ac.at\/en\/#organization\"},\"image\":{\"@id\":\"https:\/\/www.oeh.ac.at\/en\/info\/oh-anti-inflation-summit-demands-youth-and-education-must-not-be-forgotten-in-the-inflation\/#primaryimage\"},\"thumbnailUrl\":\"https:\/\/www.oeh.ac.at\/wp-content\/uploads\/2022\/09\/ausschreibungen5-6d0.png\",\"articleSection\":[\"Info\"],\"inLanguage\":\"en-US\"},{\"@type\":\"WebPage\",\"@id\":\"https:\/\/www.oeh.ac.at\/en\/info\/oh-anti-inflation-summit-demands-youth-and-education-must-not-be-forgotten-in-the-inflation\/\",\"url\":\"https:\/\/www.oeh.ac.at\/en\/info\/oh-anti-inflation-summit-demands-youth-and-education-must-not-be-forgotten-in-the-inflation\/\",\"name\":\"\u00d6H anti-inflation summit demands: \\\"Youth and education must not be forgotten in the inflation\\\". - \u00d6sterreichische Hochsch\u00fcler_innenschaft (\u00d6H)\",\"isPartOf\":{\"@id\":\"https:\/\/www.oeh.ac.at\/en\/#website\"},\"primaryImageOfPage\":{\"@id\":\"https:\/\/www.oeh.ac.at\/en\/info\/oh-anti-inflation-summit-demands-youth-and-education-must-not-be-forgotten-in-the-inflation\/#primaryimage\"},\"image\":{\"@id\":\"https:\/\/www.oeh.ac.at\/en\/info\/oh-anti-inflation-summit-demands-youth-and-education-must-not-be-forgotten-in-the-inflation\/#primaryimage\"},\"thumbnailUrl\":\"https:\/\/www.oeh.ac.at\/wp-content\/uploads\/2022\/09\/ausschreibungen5-6d0.png\",\"datePublished\":\"2022-09-26T12:37:44+00:00\",\"dateModified\":\"2022-09-26T14:37:44+00:00\",\"breadcrumb\":{\"@id\":\"https:\/\/www.oeh.ac.at\/en\/info\/oh-anti-inflation-summit-demands-youth-and-education-must-not-be-forgotten-in-the-inflation\/#breadcrumb\"},\"inLanguage\":\"en-US\",\"potentialAction\":[{\"@type\":\"ReadAction\",\"target\":[\"https:\/\/www.oeh.ac.at\/en\/info\/oh-anti-inflation-summit-demands-youth-and-education-must-not-be-forgotten-in-the-inflation\/\"]}]},{\"@type\":\"ImageObject\",\"inLanguage\":\"en-US\",\"@id\":\"https:\/\/www.oeh.ac.at\/en\/info\/oh-anti-inflation-summit-demands-youth-and-education-must-not-be-forgotten-in-the-inflation\/#primaryimage\",\"url\":\"https:\/\/www.oeh.ac.at\/wp-content\/uploads\/2022\/09\/ausschreibungen5-6d0.png\",\"contentUrl\":\"https:\/\/www.oeh.ac.at\/wp-content\/uploads\/2022\/09\/ausschreibungen5-6d0.png\",\"width\":1750,\"height\":875,\"caption\":\"ausschreibungen5 6d0\"},{\"@type\":\"BreadcrumbList\",\"@id\":\"https:\/\/www.oeh.ac.at\/en\/info\/oh-anti-inflation-summit-demands-youth-and-education-must-not-be-forgotten-in-the-inflation\/#breadcrumb\",\"itemListElement\":[{\"@type\":\"ListItem\",\"position\":1,\"name\":\"Startseite\",\"item\":\"https:\/\/www.oeh.ac.at\/en\/\"},{\"@type\":\"ListItem\",\"position\":2,\"name\":\"\u00d6H anti-inflation summit demands: &#8220;Youth and education must not be forgotten in the inflation&#8221;.\"}]},{\"@type\":\"WebSite\",\"@id\":\"https:\/\/www.oeh.ac.at\/en\/#website\",\"url\":\"https:\/\/www.oeh.ac.at\/en\/\",\"name\":\"\u00d6sterreichische Hochsch\u00fcler_innenschaft\",\"description\":\"\",\"publisher\":{\"@id\":\"https:\/\/www.oeh.ac.at\/en\/#organization\"},\"alternateName\":\"\u00d6H\",\"potentialAction\":[{\"@type\":\"SearchAction\",\"target\":{\"@type\":\"EntryPoint\",\"urlTemplate\":\"https:\/\/www.oeh.ac.at\/en\/?s={search_term_string}\"},\"query-input\":{\"@type\":\"PropertyValueSpecification\",\"valueRequired\":true,\"valueName\":\"search_term_string\"}}],\"inLanguage\":\"en-US\"},{\"@type\":\"Organization\",\"@id\":\"https:\/\/www.oeh.ac.at\/en\/#organization\",\"name\":\"\u00d6sterreichische Hochsch\u00fcler_innenschaft\",\"alternateName\":\"\u00d6H\",\"url\":\"https:\/\/www.oeh.ac.at\/en\/\",\"logo\":{\"@type\":\"ImageObject\",\"inLanguage\":\"en-US\",\"@id\":\"https:\/\/www.oeh.ac.at\/en\/#\/schema\/logo\/image\/\",\"url\":\"https:\/\/www.oeh.ac.at\/wp-content\/uploads\/2023\/03\/OeH_Logo_white_RGB.png\",\"contentUrl\":\"https:\/\/www.oeh.ac.at\/wp-content\/uploads\/2023\/03\/OeH_Logo_white_RGB.png\",\"width\":1600,\"height\":1330,\"caption\":\"\u00d6sterreichische Hochsch\u00fcler_innenschaft\"},\"image\":{\"@id\":\"https:\/\/www.oeh.ac.at\/en\/#\/schema\/logo\/image\/\"},\"sameAs\":[\"https:\/\/facebook.com\/bundesoeh\",\"https:\/\/instagram.com\/bundesoeh\",\"https:\/\/youtube.com\/bundesoeh\",\"https:\/\/bsky.app\/profile\/bundesoeh.bsky.social\"]},{\"@type\":\"Person\",\"@id\":\"https:\/\/www.oeh.ac.at\/en\/#\/schema\/person\/cbb8eb716647bd0a72a16d980f82f007\",\"name\":\"Simon Pfeiffenberger Account\"}]}<\/script>\n<!-- \/ Yoast SEO plugin. -->","yoast_head_json":{"title":"\u00d6H anti-inflation summit demands: \"Youth and education must not be forgotten in the inflation\". - \u00d6sterreichische Hochsch\u00fcler_innenschaft (\u00d6H)","robots":{"index":"index","follow":"follow","max-snippet":"max-snippet:-1","max-image-preview":"max-image-preview:large","max-video-preview":"max-video-preview:-1"},"canonical":"https:\/\/www.oeh.ac.at\/en\/info\/oh-anti-inflation-summit-demands-youth-and-education-must-not-be-forgotten-in-the-inflation\/","og_locale":"en_US","og_type":"article","og_title":"\u00d6H anti-inflation summit demands: \"Youth and education must not be forgotten in the inflation\". - \u00d6sterreichische Hochsch\u00fcler_innenschaft (\u00d6H)","og_description":"Under the title \"Solidarisch gegen die Teuerung\" (\"In solidarity against inflation\") the \u00d6sterreichische Hochsch\u00fcler_innenschaft together with the \u00d6sterreichische Gewerkschaftsjugend (\"Austrian Trade Union Youth\") present...","og_url":"https:\/\/www.oeh.ac.at\/en\/info\/oh-anti-inflation-summit-demands-youth-and-education-must-not-be-forgotten-in-the-inflation\/","og_site_name":"\u00d6sterreichische Hochsch\u00fcler_innenschaft (\u00d6H)","article_publisher":"https:\/\/facebook.com\/bundesoeh","article_published_time":"2022-09-26T12:37:44+00:00","article_modified_time":"2022-09-26T14:37:44+00:00","og_image":[{"width":1750,"height":875,"url":"https:\/\/www.oeh.ac.at\/wp-content\/uploads\/2022\/09\/ausschreibungen5-6d0.png","type":"image\/png"}],"author":"Simon Pfeiffenberger Account","schema":{"@context":"https:\/\/schema.org","@graph":[{"@type":"Article","@id":"https:\/\/www.oeh.ac.at\/en\/info\/oh-anti-inflation-summit-demands-youth-and-education-must-not-be-forgotten-in-the-inflation\/#article","isPartOf":{"@id":"https:\/\/www.oeh.ac.at\/en\/info\/oh-anti-inflation-summit-demands-youth-and-education-must-not-be-forgotten-in-the-inflation\/"},"author":{"name":"Simon Pfeiffenberger Account","@id":"https:\/\/www.oeh.ac.at\/en\/#\/schema\/person\/cbb8eb716647bd0a72a16d980f82f007"},"headline":"\u00d6H anti-inflation summit demands: &#8220;Youth and education must not be forgotten in the inflation&#8221;.","datePublished":"2022-09-26T12:37:44+00:00","dateModified":"2022-09-26T14:37:44+00:00","mainEntityOfPage":{"@id":"https:\/\/www.oeh.ac.at\/en\/info\/oh-anti-inflation-summit-demands-youth-and-education-must-not-be-forgotten-in-the-inflation\/"},"wordCount":546,"publisher":{"@id":"https:\/\/www.oeh.ac.at\/en\/#organization"},"image":{"@id":"https:\/\/www.oeh.ac.at\/en\/info\/oh-anti-inflation-summit-demands-youth-and-education-must-not-be-forgotten-in-the-inflation\/#primaryimage"},"thumbnailUrl":"https:\/\/www.oeh.ac.at\/wp-content\/uploads\/2022\/09\/ausschreibungen5-6d0.png","articleSection":["Info"],"inLanguage":"en-US"},{"@type":"WebPage","@id":"https:\/\/www.oeh.ac.at\/en\/info\/oh-anti-inflation-summit-demands-youth-and-education-must-not-be-forgotten-in-the-inflation\/","url":"https:\/\/www.oeh.ac.at\/en\/info\/oh-anti-inflation-summit-demands-youth-and-education-must-not-be-forgotten-in-the-inflation\/","name":"\u00d6H anti-inflation summit demands: \"Youth and education must not be forgotten in the inflation\". - \u00d6sterreichische Hochsch\u00fcler_innenschaft (\u00d6H)","isPartOf":{"@id":"https:\/\/www.oeh.ac.at\/en\/#website"},"primaryImageOfPage":{"@id":"https:\/\/www.oeh.ac.at\/en\/info\/oh-anti-inflation-summit-demands-youth-and-education-must-not-be-forgotten-in-the-inflation\/#primaryimage"},"image":{"@id":"https:\/\/www.oeh.ac.at\/en\/info\/oh-anti-inflation-summit-demands-youth-and-education-must-not-be-forgotten-in-the-inflation\/#primaryimage"},"thumbnailUrl":"https:\/\/www.oeh.ac.at\/wp-content\/uploads\/2022\/09\/ausschreibungen5-6d0.png","datePublished":"2022-09-26T12:37:44+00:00","dateModified":"2022-09-26T14:37:44+00:00","breadcrumb":{"@id":"https:\/\/www.oeh.ac.at\/en\/info\/oh-anti-inflation-summit-demands-youth-and-education-must-not-be-forgotten-in-the-inflation\/#breadcrumb"},"inLanguage":"en-US","potentialAction":[{"@type":"ReadAction","target":["https:\/\/www.oeh.ac.at\/en\/info\/oh-anti-inflation-summit-demands-youth-and-education-must-not-be-forgotten-in-the-inflation\/"]}]},{"@type":"ImageObject","inLanguage":"en-US","@id":"https:\/\/www.oeh.ac.at\/en\/info\/oh-anti-inflation-summit-demands-youth-and-education-must-not-be-forgotten-in-the-inflation\/#primaryimage","url":"https:\/\/www.oeh.ac.at\/wp-content\/uploads\/2022\/09\/ausschreibungen5-6d0.png","contentUrl":"https:\/\/www.oeh.ac.at\/wp-content\/uploads\/2022\/09\/ausschreibungen5-6d0.png","width":1750,"height":875,"caption":"ausschreibungen5 6d0"},{"@type":"BreadcrumbList","@id":"https:\/\/www.oeh.ac.at\/en\/info\/oh-anti-inflation-summit-demands-youth-and-education-must-not-be-forgotten-in-the-inflation\/#breadcrumb","itemListElement":[{"@type":"ListItem","position":1,"name":"Startseite","item":"https:\/\/www.oeh.ac.at\/en\/"},{"@type":"ListItem","position":2,"name":"\u00d6H anti-inflation summit demands: &#8220;Youth and education must not be forgotten in the inflation&#8221;."}]},{"@type":"WebSite","@id":"https:\/\/www.oeh.ac.at\/en\/#website","url":"https:\/\/www.oeh.ac.at\/en\/","name":"\u00d6sterreichische Hochsch\u00fcler_innenschaft","description":"","publisher":{"@id":"https:\/\/www.oeh.ac.at\/en\/#organization"},"alternateName":"\u00d6H","potentialAction":[{"@type":"SearchAction","target":{"@type":"EntryPoint","urlTemplate":"https:\/\/www.oeh.ac.at\/en\/?s={search_term_string}"},"query-input":{"@type":"PropertyValueSpecification","valueRequired":true,"valueName":"search_term_string"}}],"inLanguage":"en-US"},{"@type":"Organization","@id":"https:\/\/www.oeh.ac.at\/en\/#organization","name":"\u00d6sterreichische Hochsch\u00fcler_innenschaft","alternateName":"\u00d6H","url":"https:\/\/www.oeh.ac.at\/en\/","logo":{"@type":"ImageObject","inLanguage":"en-US","@id":"https:\/\/www.oeh.ac.at\/en\/#\/schema\/logo\/image\/","url":"https:\/\/www.oeh.ac.at\/wp-content\/uploads\/2023\/03\/OeH_Logo_white_RGB.png","contentUrl":"https:\/\/www.oeh.ac.at\/wp-content\/uploads\/2023\/03\/OeH_Logo_white_RGB.png","width":1600,"height":1330,"caption":"\u00d6sterreichische Hochsch\u00fcler_innenschaft"},"image":{"@id":"https:\/\/www.oeh.ac.at\/en\/#\/schema\/logo\/image\/"},"sameAs":["https:\/\/facebook.com\/bundesoeh","https:\/\/instagram.com\/bundesoeh","https:\/\/youtube.com\/bundesoeh","https:\/\/bsky.app\/profile\/bundesoeh.bsky.social"]},{"@type":"Person","@id":"https:\/\/www.oeh.ac.at\/en\/#\/schema\/person\/cbb8eb716647bd0a72a16d980f82f007","name":"Simon Pfeiffenberger Account"}]}},"_links":{"self":[{"href":"https:\/\/www.oeh.ac.at\/en\/wp-json\/wp\/v2\/posts\/96365","targetHints":{"allow":["GET"]}}],"collection":[{"href":"https:\/\/www.oeh.ac.at\/en\/wp-json\/wp\/v2\/posts"}],"about":[{"href":"https:\/\/www.oeh.ac.at\/en\/wp-json\/wp\/v2\/types\/post"}],"author":[{"embeddable":true,"href":"https:\/\/www.oeh.ac.at\/en\/wp-json\/wp\/v2\/users\/22"}],"replies":[{"embeddable":true,"href":"https:\/\/www.oeh.ac.at\/en\/wp-json\/wp\/v2\/comments?post=96365"}],"version-history":[{"count":0,"href":"https:\/\/www.oeh.ac.at\/en\/wp-json\/wp\/v2\/posts\/96365\/revisions"}],"wp:featuredmedia":[{"embeddable":true,"href":"https:\/\/www.oeh.ac.at\/en\/wp-json\/wp\/v2\/media\/5289"}],"wp:attachment":[{"href":"https:\/\/www.oeh.ac.at\/en\/wp-json\/wp\/v2\/media?parent=96365"}],"wp:term":[{"taxonomy":"category","embeddable":true,"href":"https:\/\/www.oeh.ac.at\/en\/wp-json\/wp\/v2\/categories?post=96365"},{"taxonomy":"post_tag","embeddable":true,"href":"https:\/\/www.oeh.ac.at\/en\/wp-json\/wp\/v2\/tags?post=96365"}],"curies":[{"name":"wp","href":"https:\/\/api.w.org\/{rel}","templated":true}]}}